{"id":3318,"date":"2026-01-19T17:08:34","date_gmt":"2026-01-19T17:08:34","guid":{"rendered":"https:\/\/beteja.com\/index.php\/2026\/01\/19\/matt-damon-konfirmon-se-netflix-deshiron-te-ndryshoje-menyren-se-si-behen-filmat-per-shkak-te-nje-gjeje-telefonat-tane\/"},"modified":"2026-01-19T17:08:34","modified_gmt":"2026-01-19T17:08:34","slug":"matt-damon-konfirmon-se-netflix-deshiron-te-ndryshoje-menyren-se-si-behen-filmat-per-shkak-te-nje-gjeje-telefonat-tane","status":"publish","type":"post","link":"https:\/\/beteja.com\/index.php\/2026\/01\/19\/matt-damon-konfirmon-se-netflix-deshiron-te-ndryshoje-menyren-se-si-behen-filmat-per-shkak-te-nje-gjeje-telefonat-tane\/","title":{"rendered":"Matt Damon konfirmon se Netflix d\u00ebshiron t\u00eb ndryshoj\u00eb m\u00ebnyr\u00ebn se si b\u00ebhen filmat p\u00ebr shkak t\u00eb nj\u00eb gj\u00ebje: telefonat tan\u00eb"},"content":{"rendered":"<p><\/p>\n<p data-cy=\"paragraph\" class=\"paragraph jsx-2269604527\">T\u00eb gjith\u00eb po v\u00ebrejn\u00eb se si po ndryshon industria \u2013 duke p\u00ebrfshir\u00eb A-Listers t\u00eb m\u00ebdhenj si Ben Affleck dhe Matt Damon, t\u00eb cil\u00ebt koh\u00ebt e fundit u shpreh\u00ebn p\u00ebr faktin se Netflix d\u00ebshiron t\u00eb ndryshoj\u00eb m\u00ebnyr\u00ebn se si po b\u00ebhen filmat.<\/p>\n<p data-cy=\"paragraph\" class=\"paragraph jsx-2269604527\">Gjat\u00eb nj\u00eb paraqitjeje t\u00eb fundit n\u00eb podkastin e Joe Rogan Experience q\u00eb promovonte filmin e tyre t\u00eb ri t\u00eb Netflix, The Rip, Damon zbuloi se transmetuesi d\u00ebshiron ta b\u00ebj\u00eb at\u00eb n\u00eb m\u00ebnyr\u00eb q\u00eb pjes\u00ebt e grupit aksion n\u00eb filma t\u00eb ndodhin gjat\u00eb seksionit fillestar t\u00eb shfaqjes, sepse audienca u kushton nj\u00eb &#8220;nivel shum\u00eb t\u00eb ndrysh\u00ebm v\u00ebmendjeje&#8221; filmave n\u00eb sht\u00ebpi kundrejt kinemave. <\/p>\n<p data-cy=\"paragraph\" class=\"paragraph jsx-2269604527\">&#8220;M\u00ebnyra standarde p\u00ebr t\u00eb b\u00ebr\u00eb nj\u00eb film aksion q\u00eb m\u00ebsuam ishte se zakonisht keni tre grupe. Nj\u00eb n\u00eb aktin e par\u00eb, nj\u00eb n\u00eb t\u00eb dytin, nj\u00eb n\u00eb t\u00eb tret\u00ebn,&#8221; shpjegoi Damon n\u00eb podcast. &#8220;Ju shpenzoni pjes\u00ebn m\u00eb t\u00eb madhe t\u00eb parave tuaja p\u00ebr at\u00eb n\u00eb aktin e tret\u00eb. Kjo \u00ebsht\u00eb finalja juaj. Dhe tani ata thon\u00eb, &#8220;A mund t\u00eb marrim nj\u00eb t\u00eb madhe n\u00eb pes\u00eb minutat e para? Ne duam q\u00eb njer\u00ebzit t\u00eb q\u00ebndrojn\u00eb. Dhe nuk do t\u00eb ishte e tmerrshme n\u00ebse do ta p\u00ebrs\u00ebrisnit komplotin tre ose kat\u00ebr her\u00eb n\u00eb dialog sepse njer\u00ebzit jan\u00eb n\u00eb telefonat e tyre nd\u00ebrsa po shikojn\u00eb.&#8221;<\/p>\n<p data-cy=\"paragraph\" class=\"paragraph jsx-2269604527\">Megjithat\u00eb, Affleck vuri n\u00eb dukje se ka ende projekte t\u00eb suksesshme q\u00eb nuk u p\u00ebrmbahen atyre rregullave t\u00eb reja, projekte si mini-seriali i mir\u00ebnjohur Adoleshenc\u00eb, i cili p\u00ebrb\u00ebhet nga episode t\u00eb xhiruara n\u00eb nj\u00eb pamje t\u00eb vazhdueshme. <\/p>\n<p data-cy=\"paragraph\" class=\"paragraph jsx-2269604527\">\u201cPor at\u00ebher\u00eb ju shikoni Adoleshenc\u00ebn, dhe ajo nuk b\u00ebri asgj\u00eb nga ato gj\u00ebra\u201d, tha Affleck gjat\u00eb paraqitjes. &#8220;Dhe \u00ebsht\u00eb f-mbreti i mrekulluesh\u00ebm. Dhe \u00ebsht\u00eb gjithashtu err\u00ebsir\u00eb. \u00cbsht\u00eb tragjike dhe intensive. (B\u00ebhet fjal\u00eb p\u00ebr) k\u00ebt\u00eb djal\u00eb q\u00eb zbulon se djali i tij akuzohet p\u00ebr vrasje. Ka t\u00eb sht\u00ebna t\u00eb gjata n\u00eb pjes\u00ebn e pasme t\u00eb kok\u00ebs s\u00eb tyre. Ata hipin n\u00eb makin\u00eb, askush nuk thot\u00eb asgj\u00eb.&#8221;<\/p>\n<p data-cy=\"paragraph\" class=\"paragraph jsx-2269604527\">Damon e quajti k\u00ebt\u00eb lloj projekti &#8220;p\u00ebrjashtim&#8221; n\u00eb m\u00ebnyr\u00ebn e re t\u00eb t\u00eb menduarit t\u00eb Netflix, nd\u00ebrsa Affleck pohoi se suksesi i shfaqjes &#8220;demostron se nuk duhet t\u00eb b\u00ebsh&#8221; at\u00eb q\u00eb Netflix d\u00ebshiron n\u00eb m\u00ebnyr\u00eb q\u00eb t\u00eb t\u00ebrheq\u00eb audienc\u00ebn dhe t&#8217;i mbaj\u00eb ata atje. Shum\u00eb filma e v\u00ebrtetojn\u00eb k\u00ebt\u00eb teori t\u00eb drejt\u00eb \u00e7do dit\u00eb, dhe n\u00eb fund t\u00eb fundit, b\u00ebhet fjal\u00eb p\u00ebr t\u00eb pasur nj\u00eb histori t\u00eb hartuar mir\u00eb, t\u00eb paharrueshme n\u00eb qend\u00ebr t\u00eb projektit tuaj \u2013 kjo \u00ebsht\u00eb e vetmja gj\u00eb q\u00eb do ta b\u00ebj\u00eb audienc\u00ebn t\u00eb shoh\u00eb me t\u00eb v\u00ebrtet\u00eb meritat n\u00eb vep\u00ebr, e vetmja metod\u00eb e pagabueshme. <\/p>\n<p><span data-cy=\"slideshow-view-trigger\"><\/p>\n<h3 class=\"title5 jsx-62124236 jsx-1085005187\" data-cy=\"slideshow-preview-title\">Imazhet Rip t\u00eb Netflix<\/h3>\n<p><span class=\"button-text jsx-729543028 button button--primary jsx-3381835873 jsx-4266531355 row-pagination-button next contained centered round large\" data-cy=\"paginate next\" title=\"Open Slideshow\"><span class=\"ign-icon right-chevron jsx-2750866048 jsx-2919720488\" role=\"presentation\" aria-hidden=\"true\" data-cy=\"right-chevron\" style=\"mask:url(https:\/\/kraken.ignimgs.com\/_next\/static\/media\/RightChevron.272be43c.svg) no-repeat center center \/ contain;background:currentColor\"\/><\/span><\/span><\/p>\n<p data-cy=\"paragraph\" class=\"paragraph jsx-2269604527\">Filmi i ri i Damon dhe Affleck, The Rip, u shkrua dhe u drejtua nga Joe Carnahan dhe luan Teyana Taylor, Steven Yeun dhe Kyle Chandler s\u00eb bashku me yjet e Good Will Hunting. Filmi tani \u00ebsht\u00eb i disponuesh\u00ebm p\u00ebr t&#8217;u transmetuar n\u00eb Netflix. <\/p>\n<p data-cy=\"paragraph\" class=\"paragraph jsx-2269604527\"><em>Lex Briscuso \u00ebsht\u00eb nj\u00eb kritik filmi dhe televizioni dhe nj\u00eb shkrimtar i pavarur arg\u00ebtimi p\u00ebr IGN. Mund ta ndiqni n\u00eb Twitter n\u00eb @nikonamerica.<\/em><\/p>\n","protected":false},"excerpt":{"rendered":"<p>T\u00eb gjith\u00eb po v\u00ebrejn\u00eb se si po ndryshon industria \u2013 duke p\u00ebrfshir\u00eb A-Listers t\u00eb m\u00ebdhenj si Ben Affleck dhe Matt Damon, t\u00eb cil\u00ebt koh\u00ebt e fundit u shpreh\u00ebn p\u00ebr faktin se Netflix d\u00ebshiron t\u00eb ndryshoj\u00eb m\u00ebnyr\u00ebn se si po b\u00ebhen filmat. Gjat\u00eb nj\u00eb paraqitjeje t\u00eb fundit n\u00eb podkastin e Joe Rogan Experience q\u00eb promovonte filmin<\/p>\n","protected":false},"author":1,"featured_media":3319,"comment_status":"open","ping_status":"open","sticky":false,"template":"","format":"standard","meta":{"fifu_image_url":"","fifu_image_alt":"","footnotes":""},"categories":[31],"tags":[1713,2440,1069,2442,2443,192,2439,1928,2441,1365,83,70,1689,2445,71,2444],"class_list":{"0":"post-3318","1":"post","2":"type-post","3":"status-publish","4":"format-standard","5":"has-post-thumbnail","7":"category-upcoming-games","8":"tag-behen","9":"tag-damon","10":"tag-deshiron","11":"tag-filmat","12":"tag-gjeje","13":"tag-konfirmon","14":"tag-matt","15":"tag-menyren","16":"tag-ndryshoje","17":"tag-netflix","18":"tag-nje","19":"tag-per","20":"tag-shkak","21":"tag-tane","22":"tag-te","23":"tag-telefonat"},"_links":{"self":[{"href":"https:\/\/beteja.com\/index.php\/wp-json\/wp\/v2\/posts\/3318","targetHints":{"allow":["GET"]}}],"collection":[{"href":"https:\/\/beteja.com\/index.php\/wp-json\/wp\/v2\/posts"}],"about":[{"href":"https:\/\/beteja.com\/index.php\/wp-json\/wp\/v2\/types\/post"}],"author":[{"embeddable":true,"href":"https:\/\/beteja.com\/index.php\/wp-json\/wp\/v2\/users\/1"}],"replies":[{"embeddable":true,"href":"https:\/\/beteja.com\/index.php\/wp-json\/wp\/v2\/comments?post=3318"}],"version-history":[{"count":0,"href":"https:\/\/beteja.com\/index.php\/wp-json\/wp\/v2\/posts\/3318\/revisions"}],"wp:featuredmedia":[{"embeddable":true,"href":"https:\/\/beteja.com\/index.php\/wp-json\/wp\/v2\/media\/3319"}],"wp:attachment":[{"href":"https:\/\/beteja.com\/index.php\/wp-json\/wp\/v2\/media?parent=3318"}],"wp:term":[{"taxonomy":"category","embeddable":true,"href":"https:\/\/beteja.com\/index.php\/wp-json\/wp\/v2\/categories?post=3318"},{"taxonomy":"post_tag","embeddable":true,"href":"https:\/\/beteja.com\/index.php\/wp-json\/wp\/v2\/tags?post=3318"}],"curies":[{"name":"wp","href":"https:\/\/api.w.org\/{rel}","templated":true}]}}